{"id":6651,"date":"2026-04-27T19:22:30","date_gmt":"2026-04-27T17:22:30","guid":{"rendered":"https:\/\/www.campusdescriptura.com\/?p=6651"},"modified":"2026-04-27T20:04:16","modified_gmt":"2026-04-27T18:04:16","slug":"diario-del-ladron-jean-genet","status":"publish","type":"post","link":"https:\/\/www.campusdescriptura.com\/es\/diario-del-ladron-jean-genet\/","title":{"rendered":"\u00abDiario del ladr\u00f3n\u00bb, las 5 paradojas de Jean Genet que desmantelaron la moral occidental"},"content":{"rendered":"\n<p class=\"has-primary-color has-text-color has-link-color has-medium-font-size wp-elements-a3bf0d9f0010e39ee331ca9046599796\"><strong>[Por el Equipo de Redacci\u00f3n]<\/strong><\/p>\n\n\n\n<p>Jean Genet (1910\u20131986) es una figura que desaf\u00eda la categorizaci\u00f3n; a menudo es referido como el gran escritor maldito del siglo XX, sin rivales en su campo. Condenado por hurto, prostituci\u00f3n y vagabundeo, Genet transform\u00f3 su existencia marginal en una obra literaria explosiva que no solo narraba la vida en los bajos fondos, sino que ejecutaba una empresa de demolici\u00f3n total de los valores sociales a trav\u00e9s del lirismo y la reflexi\u00f3n pol\u00edtica.<\/p>\n\n\n\n<p>En la sesi\u00f3n sobre <em>Diario del ladr\u00f3n<\/em> (<em>Journal du Voleur<\/em>) que la Escuela de Escritura del Ateneu Barcelon\u00e8s ofreci\u00f3 con la colaboraci\u00f3n del Ajuntament de Barcelona \u2014de la mano de la escritora y profesora de la Escuela Mercedes Abad\u2014, nos acercamos al libro esperando un relato crudo de la vida criminal. Sin embargo, Genet nos obliga a enfrentarnos a una realidad mucho m\u00e1s inc\u00f3moda y contraintuitiva; \u00e9l mismo se comprometi\u00f3 activamente a construir su propia leyenda, y los hechos que presenta est\u00e1n deliberadamente magnificados para exaltar su ignominia.<\/p>\n\n\n\n<p>Del encuentro con Mercedes Abad destilamos las cinco revelaciones m\u00e1s impactantes y contradictorias que hacen de Genet \u2014el ladr\u00f3n\u2014 uno de los pensadores m\u00e1s fascinantes de la literatura contempor\u00e1nea.<\/p>\n\n\n\n<div style=\"height:49px\" aria-hidden=\"true\" class=\"wp-block-spacer\"><\/div>\n\n\n\n<h3 class=\"wp-block-heading has-medium-font-size\"><strong>1. La c\u00e1rcel como hogar espiritual y fuente de genialidad<\/strong><\/h3>\n\n\n\n<p>Contrariamente a la imagen de la c\u00e1rcel como un lugar de castigo y confinamiento, para Genet, la prisi\u00f3n fue su para\u00edso y su lugar natural.<\/p>\n\n\n\n<p>Genet nunca tuvo una casa propia. Incluso en sus a\u00f1os de \u00e9xito, viv\u00eda en hoteles modestos y, aunque compraba propiedades para sus amantes, nunca residi\u00f3 en ellas. Su verdadera estabilidad la encontr\u00f3 tras los barrotes. Escribi\u00f3 la mayor\u00eda de sus obras m\u00e1s importantes \u2014incluyendo poes\u00eda (<em>El condenado a muerte, 1942<\/em>) y novelas (<em>Santa Mar\u00eda de las Flores, <\/em>1944<em>; Milagro de la Rosa,<\/em> 1946)\u2014 mientras estaba encarcelado.<\/p>\n\n\n\n<p>El indulto presidencial de 1948, impulsado por intelectuales como Jean Cocteau y Jean-Paul Sartre, marc\u00f3 el fin de sus penas carcelarias. Lejos de celebrar esta libertad, sufri\u00f3 una crisis creativa que dur\u00f3 siete a\u00f1os. \u00c9l mismo lo confes\u00f3: <em>\u00abFuera de la c\u00e1rcel me sent\u00eda perdido\u00bb<\/em>. La c\u00e1rcel le ofrec\u00eda una garant\u00eda, una certeza de ser lo que era.<\/p>\n\n\n\n<div style=\"height:49px\" aria-hidden=\"true\" class=\"wp-block-spacer\"><\/div>\n\n\n\n<h3 class=\"wp-block-heading\"><strong>2. La inversi\u00f3n de valores: el erotismo de la abyecci\u00f3n<\/strong><\/h3>\n\n\n\n<p>La genialidad de Genet reside en su capacidad de embellecer aquello que la sociedad desprecia y de convertir cualquier objeto en algo sublime: su poes\u00eda de la abyecci\u00f3n.<\/p>\n\n\n\n<p>Mientras que sus cr\u00edmenes reales eran, a menudo, de poca monta, su obra literaria exalta la brutalidad y la sordidez. Genet transforma lo asqueroso y repugnante en material er\u00f3tico y po\u00e9tico: el escupitajo, en una tela de ara\u00f1a, y los piojos, en su corte.<\/p>\n\n\n\n<div style=\"height:49px\" aria-hidden=\"true\" class=\"wp-block-spacer\"><\/div>\n\n\n\n<h3 class=\"wp-block-heading\"><strong>3. La acusaci\u00f3n a los acusadores: el juicio a la moral del juez<\/strong><\/h3>\n\n\n\n<p>Genet opera bajo una inversi\u00f3n absoluta de la moral, por lo que niega todo valor positivo al sistema que lo condena. En lugar de pedir perd\u00f3n por sus robos o su vida en la marginalidad, Genet voltea la cr\u00edtica hacia la autoridad que lo juzga.<\/p>\n\n\n\n<p>En una entrevista, cuando le preguntaron qu\u00e9 le hab\u00edan aportado los criminales, Genet respondi\u00f3:<\/p>\n\n\n\n<p><em>\u00abLa pregunta es incorrecta. Lo que deber\u00eda usted preguntarme es qu\u00e9 me han aportado los jueces. Para ser juez hay que hacer una carrera de derecho&#8230; hay personas en este mundo que a los 18 a\u00f1os ya saben que se van a ganar la vida juzgando a otras personas sin ponerse ellas mismas en peligro\u00bb.<\/em><\/p>\n\n\n\n<p>Esta declaraci\u00f3n fue demoledora. El verdadero esc\u00e1ndalo para Genet no era el robo o el crimen \u2014que \u00e9l idealizaba, fantaseando con ser un asesino como Gil Dor\u00e9\u2014, sino la hipocres\u00eda del sistema burgu\u00e9s que juzgaba desde una posici\u00f3n de absoluta seguridad y privilegio.<\/p>\n\n\n\n<div style=\"height:49px\" aria-hidden=\"true\" class=\"wp-block-spacer\"><\/div>\n\n\n\n<h3 class=\"wp-block-heading\"><strong>4. La vida como pretexto para construir la leyenda deliberadamente<\/strong><\/h3>\n\n\n\n<p>En <em>Diario del ladr\u00f3n<\/em>, Genet no escribi\u00f3 una autobiograf\u00eda; ejecut\u00f3 una operaci\u00f3n metaliteraria para cimentar su propia leyenda. En el libro lo afirma expl\u00edcitamente y confiesa al lector que su prop\u00f3sito no es informar sobre qui\u00e9n es, sino <em>\u00abqui\u00e9n soy ahora que lo escribo\u00bb<\/em>. Los hechos de su vida son solo un pretexto.<\/p>\n\n\n\n<p>Esta naturaleza ficcional y manipuladora de la narrativa se manifiesta en varios aspectos:<\/p>\n\n\n\n<p><\/p>\n\n\n\n<ul class=\"wp-block-list\">\n<li><strong>La exageraci\u00f3n de delitos: <\/strong>Aunque la historia lo pinta como un gran ladr\u00f3n, su primer encarcelamiento fue por viajar sin billete, y rob\u00f3 objetos tan insignificantes como una docena de pa\u00f1uelos en grandes almacenes. \u00c9l exagera estos actos para magnificar su ignominia.<\/li>\n<\/ul>\n\n\n\n<p><\/p>\n\n\n\n<ul class=\"wp-block-list\">\n<li><strong>La impertinencia con el lector: <\/strong>Genet juega activamente con el lector, se\u00f1alando que no tiene tiempo para narrar ciertos detalles, o incluyendo notas a pie de p\u00e1gina donde confiesa que ha colocado una escena de C\u00e1diz en Barcelona, pero se niega a corregir el error en el texto principal. Su actitud es: el escritor hace lo que le da la gana.<\/li>\n<\/ul>\n\n\n\n<div style=\"height:49px\" aria-hidden=\"true\" class=\"wp-block-spacer\"><\/div>\n\n\n\n<h3 class=\"wp-block-heading\"><strong>5. La tragedia de la soledad y el deseo final de consagraci\u00f3n<\/strong><\/h3>\n\n\n\n<p>A pesar de su soledad brutal, Genet pas\u00f3 su vida marcando una l\u00ednea divisoria: vosotros y yo. Odiaba Francia y se negaba a integrarse; ve\u00eda a los intelectuales que lo admiraban con incomodidad y desprecio por su mundaner\u00eda.<\/p>\n\n\n\n<p>Este rechazo deliberado de un mundo que primero lo hab\u00eda rechazado fue el motor de su obra. Sin embargo, en las \u00faltimas p\u00e1ginas de <em>Diario del Ladr\u00f3n<\/em>, Genet revela una contradicci\u00f3n final y tr\u00e1gica que ilumina la desesperaci\u00f3n subyacente de su existencia. Despu\u00e9s de afirmar que el presidio le ofrece m\u00e1s alegr\u00eda que los honores mundanos, se retracta:<\/p>\n\n\n\n<p><em>\u00abNo obstante, ser\u00e1n estos los que buscar\u00e9. Aspiro a ser reconocido y consagrado por vosotros\u00bb.<\/em><\/p>\n\n\n\n<p>Esta aspiraci\u00f3n a ser consagrado por aquellos a quienes se ha pasado la vida humillando revela la tragedia del hombre rechazado. Genet \u2014el vagabundo que nunca tuvo casa, el poeta de la abyecci\u00f3n\u2014 no pudo escapar a la necesidad humana de reconocimiento.<\/p>\n\n\n\n<div style=\"height:49px\" aria-hidden=\"true\" class=\"wp-block-spacer\"><\/div>\n\n\n\n<p class=\"has-medium-font-size\"><strong>La legitimaci\u00f3n de lo marginal<\/strong><\/p>\n\n\n\n<p>La obra de Jean Genet nos ense\u00f1a que la belleza y la moralidad son conceptos maleables, capaces de mezclarse. Convirti\u00f3 la trivialidad cruda de su vida en una belleza on\u00edrica. Al forzar la abyecci\u00f3n y la delicadeza a convivir, nos hace cuestionar d\u00f3nde reside realmente lo <em>vil<\/em> y lo <em>sublime<\/em>.<\/p>\n\n\n\n<p>La vida de Genet fue su material y su obra, su leyenda. Pero, si al final el gran subversivo anhelaba la consagraci\u00f3n de la sociedad que destruy\u00f3 con sus palabras, \u00bfsu transgresi\u00f3n fue un acto de libertad radical o, en \u00faltima instancia, la prueba m\u00e1s amarga y solitaria de que nadie puede escapar a la necesidad de ser amado y validado?<\/p>\n","protected":false},"excerpt":{"rendered":"<p>[Por el Equipo de Redacci\u00f3n] Jean Genet (1910\u20131986) es una figura que desaf\u00eda la categorizaci\u00f3n; a menudo es referido como el gran escritor maldito del siglo XX, sin rivales en su campo. Condenado por hurto, prostituci\u00f3n y vagabundeo, Genet transform\u00f3 su existencia marginal en una obra literaria explosiva que no solo narraba la vida en [&hellip;]<\/p>\n","protected":false},"author":5,"featured_media":6650,"comment_status":"open","ping_status":"open","sticky":false,"template":"","format":"standard","meta":{"_acf_changed":false,"inline_featured_image":false,"_uag_custom_page_level_css":"","footnotes":""},"categories":[180],"tags":[230,242],"class_list":["post-6651","post","type-post","status-publish","format-standard","has-post-thumbnail","hentry","category-escuela-de-escritura-vida-y-milagros","tag-literatura","tag-libros"],"acf":[],"yoast_head":"<!-- This site is optimized with the Yoast SEO plugin v27.0 - https:\/\/yoast.com\/product\/yoast-seo-wordpress\/ -->\n<title>\u00abDiario del ladr\u00f3n\u00bb, las 5 paradojas de Jean Genet que desmantelaron la moral occidental - Escola d&#039;Escriptura de Ateneu Barcelon\u00e8s<\/title>\n<meta name=\"description\" content=\"\u00bfPuede un ladr\u00f3n ser un genio literario? Exploramos las 5 paradojas de Jean Genet que desaf\u00edan la moral, la belleza y la necesidad humana de ser amado.\" \/>\n<meta name=\"robots\" content=\"index, follow, max-snippet:-1, max-image-preview:large, max-video-preview:-1\" \/>\n<link rel=\"canonical\" href=\"https:\/\/www.campusdescriptura.com\/es\/diario-del-ladron-jean-genet\/\" \/>\n<meta property=\"og:locale\" content=\"es_ES\" \/>\n<meta property=\"og:type\" content=\"article\" \/>\n<meta property=\"og:title\" content=\"\u00abDiario del ladr\u00f3n\u00bb, las 5 paradojas de Jean Genet que desmantelaron la moral occidental - Escola d&#039;Escriptura de Ateneu Barcelon\u00e8s\" \/>\n<meta property=\"og:description\" content=\"\u00bfPuede un ladr\u00f3n ser un genio literario? Exploramos las 5 paradojas de Jean Genet que desaf\u00edan la moral, la belleza y la necesidad humana de ser amado.\" \/>\n<meta property=\"og:url\" content=\"https:\/\/www.campusdescriptura.com\/es\/diario-del-ladron-jean-genet\/\" \/>\n<meta property=\"og:site_name\" content=\"Escola d&#039;Escriptura de Ateneu Barcelon\u00e8s\" \/>\n<meta property=\"article:published_time\" content=\"2026-04-27T17:22:30+00:00\" \/>\n<meta property=\"article:modified_time\" content=\"2026-04-27T18:04:16+00:00\" \/>\n<meta property=\"og:image\" content=\"https:\/\/www.campusdescriptura.com\/wp-content\/uploads\/2026\/04\/Jean-Genet-Escola-dEscriptura-1.webp\" \/>\n\t<meta property=\"og:image:width\" content=\"1365\" \/>\n\t<meta property=\"og:image:height\" content=\"872\" \/>\n\t<meta property=\"og:image:type\" content=\"image\/jpeg\" \/>\n<meta name=\"author\" content=\"Equipo de redacci\u00f3n\" \/>\n<meta name=\"twitter:card\" content=\"summary_large_image\" \/>\n<meta name=\"twitter:label1\" content=\"Escrito por\" \/>\n\t<meta name=\"twitter:data1\" content=\"Equipo de redacci\u00f3n\" \/>\n\t<meta name=\"twitter:label2\" content=\"Tiempo de lectura\" \/>\n\t<meta name=\"twitter:data2\" content=\"7 minutos\" \/>\n<script type=\"application\/ld+json\" class=\"yoast-schema-graph\">{\"@context\":\"https:\/\/schema.org\",\"@graph\":[{\"@type\":\"Article\",\"@id\":\"https:\/\/www.campusdescriptura.com\/es\/diario-del-ladron-jean-genet\/#article\",\"isPartOf\":{\"@id\":\"https:\/\/www.campusdescriptura.com\/es\/diario-del-ladron-jean-genet\/\"},\"author\":{\"name\":\"Equipo de redacci\u00f3n\",\"@id\":\"https:\/\/www.campusdescriptura.com\/es\/#\/schema\/person\/7aeffdd4f08fe9626feb2907dad7f0c0\"},\"headline\":\"\u00abDiario del ladr\u00f3n\u00bb, las 5 paradojas de Jean Genet que desmantelaron la moral occidental\",\"datePublished\":\"2026-04-27T17:22:30+00:00\",\"dateModified\":\"2026-04-27T18:04:16+00:00\",\"mainEntityOfPage\":{\"@id\":\"https:\/\/www.campusdescriptura.com\/es\/diario-del-ladron-jean-genet\/\"},\"wordCount\":1161,\"commentCount\":0,\"image\":{\"@id\":\"https:\/\/www.campusdescriptura.com\/es\/diario-del-ladron-jean-genet\/#primaryimage\"},\"thumbnailUrl\":\"https:\/\/www.campusdescriptura.com\/wp-content\/uploads\/2026\/04\/Jean-Genet-Escola-dEscriptura-1.webp\",\"keywords\":[\"Literatura\",\"Libros\"],\"articleSection\":[\"Escuela de Escritura: vida y milagros\"],\"inLanguage\":\"es\",\"potentialAction\":[{\"@type\":\"CommentAction\",\"name\":\"Comment\",\"target\":[\"https:\/\/www.campusdescriptura.com\/es\/diario-del-ladron-jean-genet\/#respond\"]}]},{\"@type\":\"WebPage\",\"@id\":\"https:\/\/www.campusdescriptura.com\/es\/diario-del-ladron-jean-genet\/\",\"url\":\"https:\/\/www.campusdescriptura.com\/es\/diario-del-ladron-jean-genet\/\",\"name\":\"\u00abDiario del ladr\u00f3n\u00bb, las 5 paradojas de Jean Genet que desmantelaron la moral occidental - Escola d&#039;Escriptura de Ateneu Barcelon\u00e8s\",\"isPartOf\":{\"@id\":\"https:\/\/www.campusdescriptura.com\/es\/#website\"},\"primaryImageOfPage\":{\"@id\":\"https:\/\/www.campusdescriptura.com\/es\/diario-del-ladron-jean-genet\/#primaryimage\"},\"image\":{\"@id\":\"https:\/\/www.campusdescriptura.com\/es\/diario-del-ladron-jean-genet\/#primaryimage\"},\"thumbnailUrl\":\"https:\/\/www.campusdescriptura.com\/wp-content\/uploads\/2026\/04\/Jean-Genet-Escola-dEscriptura-1.webp\",\"datePublished\":\"2026-04-27T17:22:30+00:00\",\"dateModified\":\"2026-04-27T18:04:16+00:00\",\"author\":{\"@id\":\"https:\/\/www.campusdescriptura.com\/es\/#\/schema\/person\/7aeffdd4f08fe9626feb2907dad7f0c0\"},\"description\":\"\u00bfPuede un ladr\u00f3n ser un genio literario? Exploramos las 5 paradojas de Jean Genet que desaf\u00edan la moral, la belleza y la necesidad humana de ser amado.\",\"breadcrumb\":{\"@id\":\"https:\/\/www.campusdescriptura.com\/es\/diario-del-ladron-jean-genet\/#breadcrumb\"},\"inLanguage\":\"es\",\"potentialAction\":[{\"@type\":\"ReadAction\",\"target\":[\"https:\/\/www.campusdescriptura.com\/es\/diario-del-ladron-jean-genet\/\"]}]},{\"@type\":\"ImageObject\",\"inLanguage\":\"es\",\"@id\":\"https:\/\/www.campusdescriptura.com\/es\/diario-del-ladron-jean-genet\/#primaryimage\",\"url\":\"https:\/\/www.campusdescriptura.com\/wp-content\/uploads\/2026\/04\/Jean-Genet-Escola-dEscriptura-1.webp\",\"contentUrl\":\"https:\/\/www.campusdescriptura.com\/wp-content\/uploads\/2026\/04\/Jean-Genet-Escola-dEscriptura-1.webp\",\"width\":1365,\"height\":872},{\"@type\":\"BreadcrumbList\",\"@id\":\"https:\/\/www.campusdescriptura.com\/es\/diario-del-ladron-jean-genet\/#breadcrumb\",\"itemListElement\":[{\"@type\":\"ListItem\",\"position\":1,\"name\":\"Inici\",\"item\":\"https:\/\/www.campusdescriptura.com\/es\/\"},{\"@type\":\"ListItem\",\"position\":2,\"name\":\"\u00abDiario del ladr\u00f3n\u00bb, las 5 paradojas de Jean Genet que desmantelaron la moral occidental\"}]},{\"@type\":\"WebSite\",\"@id\":\"https:\/\/www.campusdescriptura.com\/es\/#website\",\"url\":\"https:\/\/www.campusdescriptura.com\/es\/\",\"name\":\"Escola d'escriptura\",\"description\":\"Comen\u00e7a la teva hist\u00f2ria\",\"potentialAction\":[{\"@type\":\"SearchAction\",\"target\":{\"@type\":\"EntryPoint\",\"urlTemplate\":\"https:\/\/www.campusdescriptura.com\/es\/?s={search_term_string}\"},\"query-input\":{\"@type\":\"PropertyValueSpecification\",\"valueRequired\":true,\"valueName\":\"search_term_string\"}}],\"inLanguage\":\"es\"},{\"@type\":\"Person\",\"@id\":\"https:\/\/www.campusdescriptura.com\/es\/#\/schema\/person\/7aeffdd4f08fe9626feb2907dad7f0c0\",\"name\":\"Equipo de redacci\u00f3n\",\"image\":{\"@type\":\"ImageObject\",\"inLanguage\":\"es\",\"@id\":\"https:\/\/www.campusdescriptura.com\/es\/#\/schema\/person\/image\/\",\"url\":\"https:\/\/secure.gravatar.com\/avatar\/4622a26ef72e8f70d940298fb21a58c25c658d2ac779b141946defc41c3690b1?s=96&d=mm&r=g\",\"contentUrl\":\"https:\/\/secure.gravatar.com\/avatar\/4622a26ef72e8f70d940298fb21a58c25c658d2ac779b141946defc41c3690b1?s=96&d=mm&r=g\",\"caption\":\"Equipo de redacci\u00f3n\"}}]}<\/script>\n<!-- \/ Yoast SEO plugin. -->","yoast_head_json":{"title":"\u00abDiario del ladr\u00f3n\u00bb, las 5 paradojas de Jean Genet que desmantelaron la moral occidental - Escola d&#039;Escriptura de Ateneu Barcelon\u00e8s","description":"\u00bfPuede un ladr\u00f3n ser un genio literario? Exploramos las 5 paradojas de Jean Genet que desaf\u00edan la moral, la belleza y la necesidad humana de ser amado.","robots":{"index":"index","follow":"follow","max-snippet":"max-snippet:-1","max-image-preview":"max-image-preview:large","max-video-preview":"max-video-preview:-1"},"canonical":"https:\/\/www.campusdescriptura.com\/es\/diario-del-ladron-jean-genet\/","og_locale":"es_ES","og_type":"article","og_title":"\u00abDiario del ladr\u00f3n\u00bb, las 5 paradojas de Jean Genet que desmantelaron la moral occidental - Escola d&#039;Escriptura de Ateneu Barcelon\u00e8s","og_description":"\u00bfPuede un ladr\u00f3n ser un genio literario? Exploramos las 5 paradojas de Jean Genet que desaf\u00edan la moral, la belleza y la necesidad humana de ser amado.","og_url":"https:\/\/www.campusdescriptura.com\/es\/diario-del-ladron-jean-genet\/","og_site_name":"Escola d&#039;Escriptura de Ateneu Barcelon\u00e8s","article_published_time":"2026-04-27T17:22:30+00:00","article_modified_time":"2026-04-27T18:04:16+00:00","og_image":[{"width":1365,"height":872,"url":"https:\/\/www.campusdescriptura.com\/wp-content\/uploads\/2026\/04\/Jean-Genet-Escola-dEscriptura-1.webp","type":"image\/jpeg"}],"author":"Equipo de redacci\u00f3n","twitter_card":"summary_large_image","twitter_misc":{"Escrito por":"Equipo de redacci\u00f3n","Tiempo de lectura":"7 minutos"},"schema":{"@context":"https:\/\/schema.org","@graph":[{"@type":"Article","@id":"https:\/\/www.campusdescriptura.com\/es\/diario-del-ladron-jean-genet\/#article","isPartOf":{"@id":"https:\/\/www.campusdescriptura.com\/es\/diario-del-ladron-jean-genet\/"},"author":{"name":"Equipo de redacci\u00f3n","@id":"https:\/\/www.campusdescriptura.com\/es\/#\/schema\/person\/7aeffdd4f08fe9626feb2907dad7f0c0"},"headline":"\u00abDiario del ladr\u00f3n\u00bb, las 5 paradojas de Jean Genet que desmantelaron la moral occidental","datePublished":"2026-04-27T17:22:30+00:00","dateModified":"2026-04-27T18:04:16+00:00","mainEntityOfPage":{"@id":"https:\/\/www.campusdescriptura.com\/es\/diario-del-ladron-jean-genet\/"},"wordCount":1161,"commentCount":0,"image":{"@id":"https:\/\/www.campusdescriptura.com\/es\/diario-del-ladron-jean-genet\/#primaryimage"},"thumbnailUrl":"https:\/\/www.campusdescriptura.com\/wp-content\/uploads\/2026\/04\/Jean-Genet-Escola-dEscriptura-1.webp","keywords":["Literatura","Libros"],"articleSection":["Escuela de Escritura: vida y milagros"],"inLanguage":"es","potentialAction":[{"@type":"CommentAction","name":"Comment","target":["https:\/\/www.campusdescriptura.com\/es\/diario-del-ladron-jean-genet\/#respond"]}]},{"@type":"WebPage","@id":"https:\/\/www.campusdescriptura.com\/es\/diario-del-ladron-jean-genet\/","url":"https:\/\/www.campusdescriptura.com\/es\/diario-del-ladron-jean-genet\/","name":"\u00abDiario del ladr\u00f3n\u00bb, las 5 paradojas de Jean Genet que desmantelaron la moral occidental - Escola d&#039;Escriptura de Ateneu Barcelon\u00e8s","isPartOf":{"@id":"https:\/\/www.campusdescriptura.com\/es\/#website"},"primaryImageOfPage":{"@id":"https:\/\/www.campusdescriptura.com\/es\/diario-del-ladron-jean-genet\/#primaryimage"},"image":{"@id":"https:\/\/www.campusdescriptura.com\/es\/diario-del-ladron-jean-genet\/#primaryimage"},"thumbnailUrl":"https:\/\/www.campusdescriptura.com\/wp-content\/uploads\/2026\/04\/Jean-Genet-Escola-dEscriptura-1.webp","datePublished":"2026-04-27T17:22:30+00:00","dateModified":"2026-04-27T18:04:16+00:00","author":{"@id":"https:\/\/www.campusdescriptura.com\/es\/#\/schema\/person\/7aeffdd4f08fe9626feb2907dad7f0c0"},"description":"\u00bfPuede un ladr\u00f3n ser un genio literario? Exploramos las 5 paradojas de Jean Genet que desaf\u00edan la moral, la belleza y la necesidad humana de ser amado.","breadcrumb":{"@id":"https:\/\/www.campusdescriptura.com\/es\/diario-del-ladron-jean-genet\/#breadcrumb"},"inLanguage":"es","potentialAction":[{"@type":"ReadAction","target":["https:\/\/www.campusdescriptura.com\/es\/diario-del-ladron-jean-genet\/"]}]},{"@type":"ImageObject","inLanguage":"es","@id":"https:\/\/www.campusdescriptura.com\/es\/diario-del-ladron-jean-genet\/#primaryimage","url":"https:\/\/www.campusdescriptura.com\/wp-content\/uploads\/2026\/04\/Jean-Genet-Escola-dEscriptura-1.webp","contentUrl":"https:\/\/www.campusdescriptura.com\/wp-content\/uploads\/2026\/04\/Jean-Genet-Escola-dEscriptura-1.webp","width":1365,"height":872},{"@type":"BreadcrumbList","@id":"https:\/\/www.campusdescriptura.com\/es\/diario-del-ladron-jean-genet\/#breadcrumb","itemListElement":[{"@type":"ListItem","position":1,"name":"Inici","item":"https:\/\/www.campusdescriptura.com\/es\/"},{"@type":"ListItem","position":2,"name":"\u00abDiario del ladr\u00f3n\u00bb, las 5 paradojas de Jean Genet que desmantelaron la moral occidental"}]},{"@type":"WebSite","@id":"https:\/\/www.campusdescriptura.com\/es\/#website","url":"https:\/\/www.campusdescriptura.com\/es\/","name":"Escola d'escriptura","description":"Comen\u00e7a la teva hist\u00f2ria","potentialAction":[{"@type":"SearchAction","target":{"@type":"EntryPoint","urlTemplate":"https:\/\/www.campusdescriptura.com\/es\/?s={search_term_string}"},"query-input":{"@type":"PropertyValueSpecification","valueRequired":true,"valueName":"search_term_string"}}],"inLanguage":"es"},{"@type":"Person","@id":"https:\/\/www.campusdescriptura.com\/es\/#\/schema\/person\/7aeffdd4f08fe9626feb2907dad7f0c0","name":"Equipo de redacci\u00f3n","image":{"@type":"ImageObject","inLanguage":"es","@id":"https:\/\/www.campusdescriptura.com\/es\/#\/schema\/person\/image\/","url":"https:\/\/secure.gravatar.com\/avatar\/4622a26ef72e8f70d940298fb21a58c25c658d2ac779b141946defc41c3690b1?s=96&d=mm&r=g","contentUrl":"https:\/\/secure.gravatar.com\/avatar\/4622a26ef72e8f70d940298fb21a58c25c658d2ac779b141946defc41c3690b1?s=96&d=mm&r=g","caption":"Equipo de redacci\u00f3n"}}]}},"uagb_featured_image_src":{"full":["https:\/\/www.campusdescriptura.com\/wp-content\/uploads\/2026\/04\/Jean-Genet-Escola-dEscriptura-1.webp",1365,872,false],"thumbnail":["https:\/\/www.campusdescriptura.com\/wp-content\/uploads\/2026\/04\/Jean-Genet-Escola-dEscriptura-1-150x150.webp",150,150,true],"medium":["https:\/\/www.campusdescriptura.com\/wp-content\/uploads\/2026\/04\/Jean-Genet-Escola-dEscriptura-1-300x192.webp",300,192,true],"medium_large":["https:\/\/www.campusdescriptura.com\/wp-content\/uploads\/2026\/04\/Jean-Genet-Escola-dEscriptura-1-768x491.webp",768,491,true],"large":["https:\/\/www.campusdescriptura.com\/wp-content\/uploads\/2026\/04\/Jean-Genet-Escola-dEscriptura-1-1024x654.webp",960,613,true],"1536x1536":["https:\/\/www.campusdescriptura.com\/wp-content\/uploads\/2026\/04\/Jean-Genet-Escola-dEscriptura-1.webp",1365,872,false],"2048x2048":["https:\/\/www.campusdescriptura.com\/wp-content\/uploads\/2026\/04\/Jean-Genet-Escola-dEscriptura-1.webp",1365,872,false],"gform-image-choice-sm":["https:\/\/www.campusdescriptura.com\/wp-content\/uploads\/2026\/04\/Jean-Genet-Escola-dEscriptura-1.webp",300,192,false],"gform-image-choice-md":["https:\/\/www.campusdescriptura.com\/wp-content\/uploads\/2026\/04\/Jean-Genet-Escola-dEscriptura-1.webp",400,256,false],"gform-image-choice-lg":["https:\/\/www.campusdescriptura.com\/wp-content\/uploads\/2026\/04\/Jean-Genet-Escola-dEscriptura-1.webp",600,383,false],"woocommerce_thumbnail":["https:\/\/www.campusdescriptura.com\/wp-content\/uploads\/2026\/04\/Jean-Genet-Escola-dEscriptura-1-300x300.webp",300,300,true],"woocommerce_single":["https:\/\/www.campusdescriptura.com\/wp-content\/uploads\/2026\/04\/Jean-Genet-Escola-dEscriptura-1-600x383.webp",600,383,true],"woocommerce_gallery_thumbnail":["https:\/\/www.campusdescriptura.com\/wp-content\/uploads\/2026\/04\/Jean-Genet-Escola-dEscriptura-1-100x100.webp",100,100,true]},"uagb_author_info":{"display_name":"Equipo de redacci\u00f3n","author_link":"https:\/\/www.campusdescriptura.com\/es\/author\/tam\/"},"uagb_comment_info":0,"uagb_excerpt":"[Por el Equipo de Redacci\u00f3n] Jean Genet (1910\u20131986) es una figura que desaf\u00eda la categorizaci\u00f3n; a menudo es referido como el gran escritor maldito del siglo XX, sin rivales en su campo. Condenado por hurto, prostituci\u00f3n y vagabundeo, Genet transform\u00f3 su existencia marginal en una obra literaria explosiva que no solo narraba la vida en&hellip;","_links":{"self":[{"href":"https:\/\/www.campusdescriptura.com\/es\/wp-json\/wp\/v2\/posts\/6651","targetHints":{"allow":["GET"]}}],"collection":[{"href":"https:\/\/www.campusdescriptura.com\/es\/wp-json\/wp\/v2\/posts"}],"about":[{"href":"https:\/\/www.campusdescriptura.com\/es\/wp-json\/wp\/v2\/types\/post"}],"author":[{"embeddable":true,"href":"https:\/\/www.campusdescriptura.com\/es\/wp-json\/wp\/v2\/users\/5"}],"replies":[{"embeddable":true,"href":"https:\/\/www.campusdescriptura.com\/es\/wp-json\/wp\/v2\/comments?post=6651"}],"version-history":[{"count":4,"href":"https:\/\/www.campusdescriptura.com\/es\/wp-json\/wp\/v2\/posts\/6651\/revisions"}],"predecessor-version":[{"id":6659,"href":"https:\/\/www.campusdescriptura.com\/es\/wp-json\/wp\/v2\/posts\/6651\/revisions\/6659"}],"wp:featuredmedia":[{"embeddable":true,"href":"https:\/\/www.campusdescriptura.com\/es\/wp-json\/wp\/v2\/media\/6650"}],"wp:attachment":[{"href":"https:\/\/www.campusdescriptura.com\/es\/wp-json\/wp\/v2\/media?parent=6651"}],"wp:term":[{"taxonomy":"category","embeddable":true,"href":"https:\/\/www.campusdescriptura.com\/es\/wp-json\/wp\/v2\/categories?post=6651"},{"taxonomy":"post_tag","embeddable":true,"href":"https:\/\/www.campusdescriptura.com\/es\/wp-json\/wp\/v2\/tags?post=6651"}],"curies":[{"name":"wp","href":"https:\/\/api.w.org\/{rel}","templated":true}]}}